{"id":146,"date":"2016-08-11T18:05:53","date_gmt":"2016-08-11T16:05:53","guid":{"rendered":"http:\/\/gj-wiesbaden.de\/?p=146"},"modified":"2016-09-28T16:18:02","modified_gmt":"2016-09-28T14:18:02","slug":"neues-logo-der-gj-wiesbaden","status":"publish","type":"post","link":"https:\/\/gj-wiesbaden.de\/neues-logo-der-gj-wiesbaden\/","title":{"rendered":"Neues Logo der GJ Wiesbaden"},"content":{"rendered":"<p>Auch wenn wir als Kreisverband unabh\u00e4ngig sind, sind wir als Teil des Landes- und Bundesverbandes mit unseren politischen \u00dcberzeugungen nicht alleine. Dar\u00fcber hinaus ist ein professionelles Auftreten f\u00fcr politische Organisationen essenziell. Aus diesen Gr\u00fcnden verwendet die Gr\u00fcne Jugend seit M\u00e4rz dieses Jahres ein einheitliches Erscheinungsbild (auch \u201eCorporate Design\u201c genannt) mit dem Namen \u201eTapetenwechsel\u201c. Mit diesem Antrag soll ein Logo beschlossen werden, das im Einklang mit dem Corporate Design ist:<\/p>\n<p style=\"text-align: center;\"><img loading=\"lazy\" decoding=\"async\" class=\"alignnone size-medium wp-image-147\" src=\"https:\/\/gj-wiesbaden.de\/wp-content\/uploads\/2016\/09\/Logo-original-300x180.png\" alt=\"logo-original\" width=\"300\" height=\"180\" srcset=\"https:\/\/gj-wiesbaden.de\/wp-content\/uploads\/2016\/09\/Logo-original-300x180.png 300w, https:\/\/gj-wiesbaden.de\/wp-content\/uploads\/2016\/09\/Logo-original-768x460.png 768w, https:\/\/gj-wiesbaden.de\/wp-content\/uploads\/2016\/09\/Logo-original-1024x613.png 1024w\" sizes=\"auto, (max-width: 300px) 100vw, 300px\" \/><\/p>\n<p>Es verwendet den bekannten Schriftzug mit dem Frosch, der seit jeher sowohl das Wappentier der GJ Hessen als auch das der GJ Wiesbaden ist.<\/p>\n","protected":false},"excerpt":{"rendered":"<p>Auch wenn wir als Kreisverband unabh\u00e4ngig sind, sind wir als Teil des Landes- und Bundesverbandes mit unseren politischen \u00dcberzeugungen nicht alleine. Dar\u00fcber hinaus ist ein professionelles Auftreten f\u00fcr politische Organisationen essenziell. Aus diesen Gr\u00fcnden verwendet die Gr\u00fcne Jugend seit M\u00e4rz dieses Jahres ein einheitliches Erscheinungsbild (auch \u201eCorporate Design\u201c genannt) mit dem Namen \u201eTapetenwechsel\u201c. Mit diesem [&hellip;]<\/p>\n","protected":false},"author":16,"featured_media":0,"comment_status":"open","ping_status":"open","sticky":false,"template":"","format":"standard","meta":{"footnotes":""},"categories":[7],"tags":[],"class_list":["post-146","post","type-post","status-publish","format-standard","hentry","category-beschluesse"],"_links":{"self":[{"href":"https:\/\/gj-wiesbaden.de\/wp-json\/wp\/v2\/posts\/146","targetHints":{"allow":["GET"]}}],"collection":[{"href":"https:\/\/gj-wiesbaden.de\/wp-json\/wp\/v2\/posts"}],"about":[{"href":"https:\/\/gj-wiesbaden.de\/wp-json\/wp\/v2\/types\/post"}],"author":[{"embeddable":true,"href":"https:\/\/gj-wiesbaden.de\/wp-json\/wp\/v2\/users\/16"}],"replies":[{"embeddable":true,"href":"https:\/\/gj-wiesbaden.de\/wp-json\/wp\/v2\/comments?post=146"}],"version-history":[{"count":2,"href":"https:\/\/gj-wiesbaden.de\/wp-json\/wp\/v2\/posts\/146\/revisions"}],"predecessor-version":[{"id":149,"href":"https:\/\/gj-wiesbaden.de\/wp-json\/wp\/v2\/posts\/146\/revisions\/149"}],"wp:attachment":[{"href":"https:\/\/gj-wiesbaden.de\/wp-json\/wp\/v2\/media?parent=146"}],"wp:term":[{"taxonomy":"category","embeddable":true,"href":"https:\/\/gj-wiesbaden.de\/wp-json\/wp\/v2\/categories?post=146"},{"taxonomy":"post_tag","embeddable":true,"href":"https:\/\/gj-wiesbaden.de\/wp-json\/wp\/v2\/tags?post=146"}],"curies":[{"name":"wp","href":"https:\/\/api.w.org\/{rel}","templated":true}]}}