{"id":563,"date":"2019-02-15T21:17:26","date_gmt":"2019-02-15T19:17:26","guid":{"rendered":"http:\/\/gj-wiesbaden.de\/?p=563"},"modified":"2019-02-15T21:17:26","modified_gmt":"2019-02-15T19:17:26","slug":"gruene-jugend-wiesbaden-waehlt-neuen-schatzmeister","status":"publish","type":"post","link":"https:\/\/gj-wiesbaden.de\/gruene-jugend-wiesbaden-waehlt-neuen-schatzmeister\/","title":{"rendered":"Gr\u00fcne Jugend Wiesbaden w\u00e4hlt neuen Schatzmeister"},"content":{"rendered":"<p style=\"text-align: left;\"><img loading=\"lazy\" decoding=\"async\" class=\"alignnone size-medium wp-image-564\" src=\"https:\/\/gj-wiesbaden.de\/wp-content\/uploads\/2019\/02\/b54f3dd8-7a47-4c04-99c1-365fe0611b2a-267x300.jpg\" alt=\"\" width=\"267\" height=\"300\" srcset=\"https:\/\/gj-wiesbaden.de\/wp-content\/uploads\/2019\/02\/b54f3dd8-7a47-4c04-99c1-365fe0611b2a-267x300.jpg 267w, https:\/\/gj-wiesbaden.de\/wp-content\/uploads\/2019\/02\/b54f3dd8-7a47-4c04-99c1-365fe0611b2a-768x862.jpg 768w, https:\/\/gj-wiesbaden.de\/wp-content\/uploads\/2019\/02\/b54f3dd8-7a47-4c04-99c1-365fe0611b2a-913x1024.jpg 913w, https:\/\/gj-wiesbaden.de\/wp-content\/uploads\/2019\/02\/b54f3dd8-7a47-4c04-99c1-365fe0611b2a-535x600.jpg 535w, https:\/\/gj-wiesbaden.de\/wp-content\/uploads\/2019\/02\/b54f3dd8-7a47-4c04-99c1-365fe0611b2a.jpg 1426w\" sizes=\"auto, (max-width: 267px) 100vw, 267px\" \/><\/p>\n<p style=\"text-align: left;\"><strong>Im Zuge ihrer Mitgliederversammlung am Donnerstagabend, den 07.02.2019, besetzte die Gr\u00fcne Jugend Wiesbaden den Posten der*des Schatzmeister*in neu.<\/strong><\/p>\n<p style=\"text-align: left;\">Die bisherige Inhaberin des Amtes, Serafina Schneiberg (18), ist aufgrund schulischer Verpflichtungen vorzeitig von ihrem Posten zur\u00fcckgetreten. Die Gr\u00fcne Jugend Wiesbaden dankt ihr f\u00fcr das Engagement im Vorstand und die gute Zusammenarbeit.<\/p>\n<p style=\"text-align: left;\">Als neues Mitglied im Vorstand hei\u00dfen wir Max Holl (28) herzlich willkommen, der die Wahl f\u00fcr sich entschied. Er hat sich verpflichtet, das Amt \u00fcbergangsweise bis zu den Neuwahlen Ende Mai dieses Jahres zu \u00fcbernehmen.<br \/>\n\u201ePolitik muss nach vorne schauen! Ich will f\u00fcr eine lebenswerte Zukunft f\u00fcr Alle streiten\u201c, sagt Max Holl, neuer amtierender Schatzmeister im Vorstand der Gr\u00fcnen Jugend Wiesbaden. \u201eIch freue mich, zum tollen Vorstandsteam der Gr\u00fcnen Jugend Wiesbaden zu sto\u00dfen und gemeinsam die Politik der Stadt mitzugestalten.\u201c<br \/>\nWir gratulieren Max zu seiner Wahl und freuen uns auf die Zusammenarbeit.<\/p>\n","protected":false},"excerpt":{"rendered":"<p>Im Zuge ihrer Mitgliederversammlung am Donnerstagabend, den 07.02.2019, besetzte die Gr\u00fcne Jugend Wiesbaden den Posten der*des Schatzmeister*in neu. Die bisherige Inhaberin des Amtes, Serafina Schneiberg (18), ist aufgrund schulischer Verpflichtungen vorzeitig von ihrem Posten zur\u00fcckgetreten. Die Gr\u00fcne Jugend Wiesbaden dankt ihr f\u00fcr das Engagement im Vorstand und die gute Zusammenarbeit. Als neues Mitglied im Vorstand [&hellip;]<\/p>\n","protected":false},"author":16,"featured_media":0,"comment_status":"open","ping_status":"open","sticky":false,"template":"","format":"standard","meta":{"footnotes":""},"categories":[2,4],"tags":[],"class_list":["post-563","post","type-post","status-publish","format-standard","hentry","category-allgemein","category-pressemitteilungen"],"_links":{"self":[{"href":"https:\/\/gj-wiesbaden.de\/wp-json\/wp\/v2\/posts\/563","targetHints":{"allow":["GET"]}}],"collection":[{"href":"https:\/\/gj-wiesbaden.de\/wp-json\/wp\/v2\/posts"}],"about":[{"href":"https:\/\/gj-wiesbaden.de\/wp-json\/wp\/v2\/types\/post"}],"author":[{"embeddable":true,"href":"https:\/\/gj-wiesbaden.de\/wp-json\/wp\/v2\/users\/16"}],"replies":[{"embeddable":true,"href":"https:\/\/gj-wiesbaden.de\/wp-json\/wp\/v2\/comments?post=563"}],"version-history":[{"count":3,"href":"https:\/\/gj-wiesbaden.de\/wp-json\/wp\/v2\/posts\/563\/revisions"}],"predecessor-version":[{"id":567,"href":"https:\/\/gj-wiesbaden.de\/wp-json\/wp\/v2\/posts\/563\/revisions\/567"}],"wp:attachment":[{"href":"https:\/\/gj-wiesbaden.de\/wp-json\/wp\/v2\/media?parent=563"}],"wp:term":[{"taxonomy":"category","embeddable":true,"href":"https:\/\/gj-wiesbaden.de\/wp-json\/wp\/v2\/categories?post=563"},{"taxonomy":"post_tag","embeddable":true,"href":"https:\/\/gj-wiesbaden.de\/wp-json\/wp\/v2\/tags?post=563"}],"curies":[{"name":"wp","href":"https:\/\/api.w.org\/{rel}","templated":true}]}}