{"id":832,"date":"2023-03-25T21:17:03","date_gmt":"2023-03-25T19:17:03","guid":{"rendered":"http:\/\/gj-wiesbaden.de\/?p=832"},"modified":"2023-03-25T21:17:57","modified_gmt":"2023-03-25T19:17:57","slug":"kreismitgliederversammlung-am-25-april","status":"publish","type":"post","link":"https:\/\/gj-wiesbaden.de\/kreismitgliederversammlung-am-25-april\/","title":{"rendered":"Kreismitgliederversammlung am 25. April"},"content":{"rendered":"\n<p>Liebe Freund*innen, Mitglieder, Interessierte,<\/p>\n\n\n\n<p>hiermit laden wir euch herzlich zur Kreismitgliederversammlung (KMV) der GR\u00dcNEN JUGEND Wiesbaden ein!<br>Sie wird am 25. April 2023 ab 18:00 Uhr im barrierefreien* Georg-Buch Haus in der Wellritzstra\u00dfe 38A, 65183 Wiesbaden stattfinden.<br>Da Kim als bisherige Beisitzerin aus pers\u00f6nlichen Gr\u00fcnden zur\u00fcckgetreten ist, m\u00f6chten wir zuerst einen Beisitzer*innenposten neu besetzen. Dabei handelt es sich um einen FINTA*-Platz. Bewerbungen k\u00f6nnen ab jetzt gerne beim Vorstand eingereicht werden.<br>Im Anschluss werden wir \u00fcber den Landtagswahlkampf sprechen. Dabei m\u00f6chten wir mit euch ins Gespr\u00e4ch kommen. Vor allem \u00fcber die Themen, die ihr wichtig findet, welche Veranstaltungen ihr euch f\u00fcr den Wahlkampf w\u00fcnscht und wie ihr selbst euch einbringen k\u00f6nnt. Macht euch gerne schon Gedanken, denn dieses Jahr m\u00f6chten wir ganz besonders aktiv Wahlkampf f\u00fcr Lara als Direktkandidatin f\u00fcr den Wahlkreis Wiesbaden II machen!<\/p>\n\n\n\n<p><br><strong>Save the date!<\/strong><\/p>\n\n\n\n<p>Dar\u00fcber hinaus wollen wir euch schon jetzt auf zwei weitere Veranstaltungen aufmerksam machen.<br>F\u00fcr den 10. Mai laden wir euch zu einer antifaschistischen Stadtf\u00fchrung unter der Leitung von Lara ein. Wir treffen uns um 17:15 Uhr am Schlachthof und werden anschlie\u00dfend wichtige Orte aus dem Wiesbaden der NS-Zeit besuchen.<\/p>\n\n\n\n<p>Am 13. Mai findet das Finale des Eurovision Song Contest statt. Das m\u00f6chten wir gerne mit euch anschauen und in dem Zusammenhang \u00fcber die (auch queer-)politische Bedeutung des ESC und europ\u00e4ische Integration, einschlie\u00dflich ihrer Probleme diskutieren.<br>Weitere Informationen folgen.<br><\/p>\n\n\n\n<p>Liebe Gr\u00fc\u00dfe<br>Der Vorstand<br><br>*Barrierefreier Zugang \u00fcber den Innenhof, zu erreichen \u00fcber die Herrmannstra\u00dfe 11.<\/p>\n","protected":false},"excerpt":{"rendered":"<p>Liebe Freund*innen, Mitglieder, Interessierte, hiermit laden wir euch herzlich zur Kreismitgliederversammlung (KMV) der GR\u00dcNEN JUGEND Wiesbaden ein!Sie wird am 25. April 2023 ab 18:00 Uhr im barrierefreien* Georg-Buch Haus in der Wellritzstra\u00dfe 38A, 65183 Wiesbaden stattfinden.Da Kim als bisherige Beisitzerin aus pers\u00f6nlichen Gr\u00fcnden zur\u00fcckgetreten ist, m\u00f6chten wir zuerst einen Beisitzer*innenposten neu besetzen. Dabei handelt es [&hellip;]<\/p>\n","protected":false},"author":16,"featured_media":0,"comment_status":"open","ping_status":"open","sticky":false,"template":"","format":"standard","meta":{"footnotes":""},"categories":[2,4],"tags":[],"class_list":["post-832","post","type-post","status-publish","format-standard","hentry","category-allgemein","category-pressemitteilungen"],"_links":{"self":[{"href":"https:\/\/gj-wiesbaden.de\/wp-json\/wp\/v2\/posts\/832","targetHints":{"allow":["GET"]}}],"collection":[{"href":"https:\/\/gj-wiesbaden.de\/wp-json\/wp\/v2\/posts"}],"about":[{"href":"https:\/\/gj-wiesbaden.de\/wp-json\/wp\/v2\/types\/post"}],"author":[{"embeddable":true,"href":"https:\/\/gj-wiesbaden.de\/wp-json\/wp\/v2\/users\/16"}],"replies":[{"embeddable":true,"href":"https:\/\/gj-wiesbaden.de\/wp-json\/wp\/v2\/comments?post=832"}],"version-history":[{"count":1,"href":"https:\/\/gj-wiesbaden.de\/wp-json\/wp\/v2\/posts\/832\/revisions"}],"predecessor-version":[{"id":833,"href":"https:\/\/gj-wiesbaden.de\/wp-json\/wp\/v2\/posts\/832\/revisions\/833"}],"wp:attachment":[{"href":"https:\/\/gj-wiesbaden.de\/wp-json\/wp\/v2\/media?parent=832"}],"wp:term":[{"taxonomy":"category","embeddable":true,"href":"https:\/\/gj-wiesbaden.de\/wp-json\/wp\/v2\/categories?post=832"},{"taxonomy":"post_tag","embeddable":true,"href":"https:\/\/gj-wiesbaden.de\/wp-json\/wp\/v2\/tags?post=832"}],"curies":[{"name":"wp","href":"https:\/\/api.w.org\/{rel}","templated":true}]}}