{"id":836,"date":"2023-05-24T17:38:27","date_gmt":"2023-05-24T15:38:27","guid":{"rendered":"http:\/\/gj-wiesbaden.de\/?p=836"},"modified":"2023-05-24T17:38:27","modified_gmt":"2023-05-24T15:38:27","slug":"gruene-jugend-wiesbaden-erweitert-den-kreisvorstand","status":"publish","type":"post","link":"https:\/\/gj-wiesbaden.de\/gruene-jugend-wiesbaden-erweitert-den-kreisvorstand\/","title":{"rendered":"GR\u00dcNE JUGEND Wiesbaden erweitert den Kreisvorstand"},"content":{"rendered":"\n<p><strong>W\u00e4hrend der Kreismitgliederversammlung der GR\u00dcNEN JUGEND Wiesbaden wurden am 25.04.2023 zwei neue Beisitzerinnen in den Kreisvorstand gew\u00e4hlt. Anna Lotte Leuschner und Kim Engel waren zuvor von ihren Posten als Beisitzerinnen zur\u00fcckgetreten. Wir danken ihnen f\u00fcr ihre Arbeit im Kreisvorstand.<\/strong><\/p>\n\n\n\n<p><\/p>\n\n\n\n<p>Die 23-j\u00e4hrige Olivia Mohr, Physiotherapeutin, wird den Kreisvorstand ab sofort als Beisitzerin bereichern. Durch ihr vorheriges Engagement in den Kreisvorst\u00e4nden der Gr\u00fcnen Jugend und der Gr\u00fcnen im Main-Taunus-Kreis, bringt sie jede Menge Erfahrung mit in die Vorstandsarbeit. Lara Klaes, studierte Sozialarbeiterin und Spitzenkandidatin der Gr\u00fcnen Jugend Hessen und Kandidatin f\u00fcr den Wahlkreis 2 der Gr\u00fcnen Wiesbaden f\u00fcr die diesj\u00e4hrige Landtagswahl, vervollst\u00e4ndigt den Vorstand. Die 26-j\u00e4hrige freut sich, durch dieses Amt mehr politische Gestaltungsm\u00f6glichkeiten in Wiesbaden zu haben und die Stimme der Jugend im Wahlkampf zu vertreten.<\/p>\n\n\n\n<p><\/p>\n\n\n\n<p>Der gesch\u00e4ftsf\u00fchrende Kreisvorstand \u2013 bestehend aus den Sprecher*innen Sarah Linker und Oliver Raudies und dem Schatzmeister Leon H\u00fcck \u2013 blickt voller Tatendrang auf die bevorstehende Zusammenarbeit. Der gesamte neue Vorstand bedankt sich f\u00fcr das Vertrauen und freut sich auf einen spannenden Landtagswahlkampf 2023.<\/p>\n","protected":false},"excerpt":{"rendered":"<p>W\u00e4hrend der Kreismitgliederversammlung der GR\u00dcNEN JUGEND Wiesbaden wurden am 25.04.2023 zwei neue Beisitzerinnen in den Kreisvorstand gew\u00e4hlt. Anna Lotte Leuschner und Kim Engel waren zuvor von ihren Posten als Beisitzerinnen zur\u00fcckgetreten. Wir danken ihnen f\u00fcr ihre Arbeit im Kreisvorstand. Die 23-j\u00e4hrige Olivia Mohr, Physiotherapeutin, wird den Kreisvorstand ab sofort als Beisitzerin bereichern. Durch ihr vorheriges [&hellip;]<\/p>\n","protected":false},"author":16,"featured_media":837,"comment_status":"open","ping_status":"open","sticky":false,"template":"","format":"standard","meta":{"footnotes":""},"categories":[2,4,1],"tags":[],"class_list":["post-836","post","type-post","status-publish","format-standard","has-post-thumbnail","hentry","category-allgemein","category-pressemitteilungen","category-uncategorized"],"_links":{"self":[{"href":"https:\/\/gj-wiesbaden.de\/wp-json\/wp\/v2\/posts\/836","targetHints":{"allow":["GET"]}}],"collection":[{"href":"https:\/\/gj-wiesbaden.de\/wp-json\/wp\/v2\/posts"}],"about":[{"href":"https:\/\/gj-wiesbaden.de\/wp-json\/wp\/v2\/types\/post"}],"author":[{"embeddable":true,"href":"https:\/\/gj-wiesbaden.de\/wp-json\/wp\/v2\/users\/16"}],"replies":[{"embeddable":true,"href":"https:\/\/gj-wiesbaden.de\/wp-json\/wp\/v2\/comments?post=836"}],"version-history":[{"count":4,"href":"https:\/\/gj-wiesbaden.de\/wp-json\/wp\/v2\/posts\/836\/revisions"}],"predecessor-version":[{"id":841,"href":"https:\/\/gj-wiesbaden.de\/wp-json\/wp\/v2\/posts\/836\/revisions\/841"}],"wp:featuredmedia":[{"embeddable":true,"href":"https:\/\/gj-wiesbaden.de\/wp-json\/wp\/v2\/media\/837"}],"wp:attachment":[{"href":"https:\/\/gj-wiesbaden.de\/wp-json\/wp\/v2\/media?parent=836"}],"wp:term":[{"taxonomy":"category","embeddable":true,"href":"https:\/\/gj-wiesbaden.de\/wp-json\/wp\/v2\/categories?post=836"},{"taxonomy":"post_tag","embeddable":true,"href":"https:\/\/gj-wiesbaden.de\/wp-json\/wp\/v2\/tags?post=836"}],"curies":[{"name":"wp","href":"https:\/\/api.w.org\/{rel}","templated":true}]}}