{"id":879,"date":"2026-01-27T00:11:16","date_gmt":"2026-01-26T22:11:16","guid":{"rendered":"https:\/\/gj-wiesbaden.de\/?p=879"},"modified":"2026-02-26T13:18:08","modified_gmt":"2026-02-26T12:18:08","slug":"test","status":"publish","type":"post","link":"https:\/\/gj-wiesbaden.de\/test\/","title":{"rendered":"Habemus Vorstand 2026!"},"content":{"rendered":"\n<p>P\u00fcnktlich zur hei\u00dfen Phase des Kommunalwahlkampfs am 15. M\u00e4rz stellt sich die GR\u00dcNE JUGEND Wiesbaden mit einer weiblichen Doppelspitze neu auf. Zu <strong>Sprecherinnen<\/strong> wurden Jacqueline \u201eJackie\u201c Schmiedeke und Olivia Mohr gew\u00e4hlt.<br>Die 27-j\u00e4hrige Jacqueline Schmiedeke studiert im 4. Jahr Medizin und ist bereits Schatzmeisterin im Landesvorstand der GR\u00dcNEN JUGEND Hessen. Mit Blick auf das kommende Jahr erkl\u00e4rt Schmiedeke: \u201eWir wollen die GR\u00dcNE JUGEND in Wiesbaden sichtbarer machen und noch mehr junge Menschen f\u00fcr Politik begeistern. Gerade auf kommunaler Ebene kann man konkret etwas ver\u00e4ndern . Das m\u00f6chten wir zeigen und junge Menschen ermutigen, sich einzubringen.\u201c<br>Die 26-j\u00e4hrige Olivia Mohr arbeitet als Kinderphysiotherapeutin. Sie betont die gesellschaftspolitische Verantwortung der jungen Generation: \u201ePolitik entscheidet \u00fcber unsere Zukunft, \u00fcber soziale Gerechtigkeit, Bildung, Klimaschutz und Gesundheitspolitik. Deshalb ist es wichtig, dass junge Menschen nicht nur mitreden, sondern mitentscheiden. Wir wollen als GR\u00dcNE JUGEND klare Impulse setzen und uns inhaltlich aktiv in die Stadtpolitik einbringen.\u201c<\/p>\n\n\n\n<p>Zum <strong>Schatzmeister <\/strong>wurde Johnni Vuong gew\u00e4hlt. Er arbeitet beruflich an der Digitalen Transformation der Verwaltung und bringt damit wichtige Expertise f\u00fcr moderne, effiziente kommunale Strukturen mit.<br>Als <strong>Beisitzer <\/strong>vervollst\u00e4ndigt Henrik Holtgrewe den Vorstand. Er studiert Rechtspflege und m\u00f6chte insbesondere soziale und demokratiest\u00e4rkende Themen in die Vorstandsarbeit der GR\u00dcNEN JUGEND Wiesbaden einbringen.<\/p>\n\n\n\n<p>Der neue Vorstand k\u00fcndigt an, sich im Kommunalwahlkampf deutlich einzumischen. \u201eWir werden proaktiv Antr\u00e4ge stellen, eigene inhaltliche Akzente setzen und im engen Austausch mit dem Kreisvorstand sowie der k\u00fcnftigen Fraktion stehen\u201c, so Mohr.<\/p>\n\n\n\n<p>Mit den beiden Votentr\u00e4ger*innen Nele Siedenburg und Oliver Raudies sowie vielen weiteren Mitgliedern der GR\u00dcNEN JUGEND stellen die Gr\u00fcnen die j\u00fcngste Liste aller Parteien f\u00fcr die Kommunalwahl am 15. M\u00e4rz in Wiesbaden. \u201eWir sind stolz darauf, dass so viele junge Menschen Verantwortung \u00fcbernehmen wollen. Das zeigt: Kommunalpolitik lebt vom Engagement vor Ort \u2013 und wir sind bereit, diese Stadt aktiv mitzugestalten\u201c, so Schmiedeke abschlie\u00dfend.<\/p>\n\n\n\n<p>Schreibt uns gerne, wenn ihr Fragen oder Anliegen habt. Wir sind immer gerne f\u00fcr euch da!<\/p>\n\n\n\n<figure class=\"wp-block-image size-large\"><img loading=\"lazy\" decoding=\"async\" width=\"1080\" height=\"720\" src=\"https:\/\/gj-wiesbaden.de\/wp-content\/uploads\/2026\/01\/DSC06167-1080x720.jpg\" alt=\"\" class=\"wp-image-900\" srcset=\"https:\/\/gj-wiesbaden.de\/wp-content\/uploads\/2026\/01\/DSC06167-1080x720.jpg 1080w, https:\/\/gj-wiesbaden.de\/wp-content\/uploads\/2026\/01\/DSC06167-980x653.jpg 980w, https:\/\/gj-wiesbaden.de\/wp-content\/uploads\/2026\/01\/DSC06167-400x267.jpg 400w, https:\/\/gj-wiesbaden.de\/wp-content\/uploads\/2026\/01\/DSC06167-768x512.jpg 768w, https:\/\/gj-wiesbaden.de\/wp-content\/uploads\/2026\/01\/DSC06167-1536x1024.jpg 1536w, https:\/\/gj-wiesbaden.de\/wp-content\/uploads\/2026\/01\/DSC06167-2048x1365.jpg 2048w, https:\/\/gj-wiesbaden.de\/wp-content\/uploads\/2026\/01\/DSC06167-600x400.jpg 600w, https:\/\/gj-wiesbaden.de\/wp-content\/uploads\/2026\/01\/DSC06167-525x350.jpg 525w, https:\/\/gj-wiesbaden.de\/wp-content\/uploads\/2026\/01\/DSC06167-2000x1333.jpg 2000w, https:\/\/gj-wiesbaden.de\/wp-content\/uploads\/2026\/01\/DSC06167-800x533.jpg 800w\" sizes=\"auto, (max-width: 1080px) 100vw, 1080px\" \/><\/figure>\n\n\n\n<figure class=\"wp-block-gallery has-nested-images columns-default is-cropped wp-block-gallery-1 is-layout-flex wp-block-gallery-is-layout-flex\">\n<figure class=\"wp-block-image size-large\"><img loading=\"lazy\" decoding=\"async\" width=\"1638\" height=\"2048\" data-id=\"876\" src=\"https:\/\/gj-wiesbaden.de\/wp-content\/uploads\/2026\/01\/signal-2026-01-09-184330_002.jpeg\" alt=\"Portraits mit den Sprecherinnen der Gr\u00fcnen Jugend Wiesbaden\" class=\"wp-image-876\" srcset=\"https:\/\/gj-wiesbaden.de\/wp-content\/uploads\/2026\/01\/signal-2026-01-09-184330_002.jpeg 1638w, https:\/\/gj-wiesbaden.de\/wp-content\/uploads\/2026\/01\/signal-2026-01-09-184330_002-980x1225.jpeg 980w, https:\/\/gj-wiesbaden.de\/wp-content\/uploads\/2026\/01\/signal-2026-01-09-184330_002-1080x1350.jpeg 1080w, https:\/\/gj-wiesbaden.de\/wp-content\/uploads\/2026\/01\/signal-2026-01-09-184330_002-400x500.jpeg 400w, https:\/\/gj-wiesbaden.de\/wp-content\/uploads\/2026\/01\/signal-2026-01-09-184330_002-768x960.jpeg 768w, https:\/\/gj-wiesbaden.de\/wp-content\/uploads\/2026\/01\/signal-2026-01-09-184330_002-1229x1536.jpeg 1229w, https:\/\/gj-wiesbaden.de\/wp-content\/uploads\/2026\/01\/signal-2026-01-09-184330_002-560x700.jpeg 560w, https:\/\/gj-wiesbaden.de\/wp-content\/uploads\/2026\/01\/signal-2026-01-09-184330_002-280x350.jpeg 280w, https:\/\/gj-wiesbaden.de\/wp-content\/uploads\/2026\/01\/signal-2026-01-09-184330_002-480x600.jpeg 480w\" sizes=\"auto, (max-width: 1638px) 100vw, 1638px\" \/><\/figure>\n\n\n\n<figure class=\"wp-block-image size-large\"><img loading=\"lazy\" decoding=\"async\" width=\"1638\" height=\"2048\" data-id=\"878\" src=\"https:\/\/gj-wiesbaden.de\/wp-content\/uploads\/2026\/01\/gjwi_vorstand_2026_schatz_bei.jpeg\" alt=\"Portraits mit dem Schatzmeister und Beisitzer der Gr\u00fcnen Jugend Wiesbaden\" class=\"wp-image-878\" srcset=\"https:\/\/gj-wiesbaden.de\/wp-content\/uploads\/2026\/01\/gjwi_vorstand_2026_schatz_bei.jpeg 1638w, https:\/\/gj-wiesbaden.de\/wp-content\/uploads\/2026\/01\/gjwi_vorstand_2026_schatz_bei-980x1225.jpeg 980w, https:\/\/gj-wiesbaden.de\/wp-content\/uploads\/2026\/01\/gjwi_vorstand_2026_schatz_bei-1080x1350.jpeg 1080w, https:\/\/gj-wiesbaden.de\/wp-content\/uploads\/2026\/01\/gjwi_vorstand_2026_schatz_bei-400x500.jpeg 400w, https:\/\/gj-wiesbaden.de\/wp-content\/uploads\/2026\/01\/gjwi_vorstand_2026_schatz_bei-768x960.jpeg 768w, https:\/\/gj-wiesbaden.de\/wp-content\/uploads\/2026\/01\/gjwi_vorstand_2026_schatz_bei-1229x1536.jpeg 1229w, https:\/\/gj-wiesbaden.de\/wp-content\/uploads\/2026\/01\/gjwi_vorstand_2026_schatz_bei-560x700.jpeg 560w, https:\/\/gj-wiesbaden.de\/wp-content\/uploads\/2026\/01\/gjwi_vorstand_2026_schatz_bei-280x350.jpeg 280w, https:\/\/gj-wiesbaden.de\/wp-content\/uploads\/2026\/01\/gjwi_vorstand_2026_schatz_bei-480x600.jpeg 480w\" sizes=\"auto, (max-width: 1638px) 100vw, 1638px\" \/><\/figure>\n<\/figure>\n\n\n","protected":false},"excerpt":{"rendered":"<p>P\u00fcnktlich zur hei\u00dfen Phase des Kommunalwahlkampfs am 15. M\u00e4rz stellt sich die GR\u00dcNE JUGEND Wiesbaden mit einer weiblichen Doppelspitze neu auf. Zu Sprecherinnen wurden Jacqueline \u201eJackie\u201c Schmiedeke und Olivia Mohr gew\u00e4hlt.Die 27-j\u00e4hrige Jacqueline Schmiedeke studiert im 4. Jahr Medizin und ist bereits Schatzmeisterin im Landesvorstand der GR\u00dcNEN JUGEND Hessen. Mit Blick auf das kommende Jahr [&hellip;]<\/p>\n","protected":false},"author":16,"featured_media":877,"comment_status":"open","ping_status":"open","sticky":false,"template":"","format":"standard","meta":{"footnotes":""},"categories":[4],"tags":[],"class_list":["post-879","post","type-post","status-publish","format-standard","has-post-thumbnail","hentry","category-pressemitteilungen"],"_links":{"self":[{"href":"https:\/\/gj-wiesbaden.de\/wp-json\/wp\/v2\/posts\/879","targetHints":{"allow":["GET"]}}],"collection":[{"href":"https:\/\/gj-wiesbaden.de\/wp-json\/wp\/v2\/posts"}],"about":[{"href":"https:\/\/gj-wiesbaden.de\/wp-json\/wp\/v2\/types\/post"}],"author":[{"embeddable":true,"href":"https:\/\/gj-wiesbaden.de\/wp-json\/wp\/v2\/users\/16"}],"replies":[{"embeddable":true,"href":"https:\/\/gj-wiesbaden.de\/wp-json\/wp\/v2\/comments?post=879"}],"version-history":[{"count":6,"href":"https:\/\/gj-wiesbaden.de\/wp-json\/wp\/v2\/posts\/879\/revisions"}],"predecessor-version":[{"id":901,"href":"https:\/\/gj-wiesbaden.de\/wp-json\/wp\/v2\/posts\/879\/revisions\/901"}],"wp:featuredmedia":[{"embeddable":true,"href":"https:\/\/gj-wiesbaden.de\/wp-json\/wp\/v2\/media\/877"}],"wp:attachment":[{"href":"https:\/\/gj-wiesbaden.de\/wp-json\/wp\/v2\/media?parent=879"}],"wp:term":[{"taxonomy":"category","embeddable":true,"href":"https:\/\/gj-wiesbaden.de\/wp-json\/wp\/v2\/categories?post=879"},{"taxonomy":"post_tag","embeddable":true,"href":"https:\/\/gj-wiesbaden.de\/wp-json\/wp\/v2\/tags?post=879"}],"curies":[{"name":"wp","href":"https:\/\/api.w.org\/{rel}","templated":true}]}}